{"id":555,"date":"2020-01-16T04:14:12","date_gmt":"2020-01-16T07:14:12","guid":{"rendered":"http:\/\/emaus.org.br\/itapetininga_wp\/?p=555"},"modified":"2020-02-01T00:48:03","modified_gmt":"2020-02-01T03:48:03","slug":"editorial","status":"publish","type":"post","link":"https:\/\/emaus.org.br\/itapetininga\/2020\/01\/16\/editorial\/","title":{"rendered":"Editorial de boas-vindas"},"content":{"rendered":"<p style=\"text-align: left;\">&#8220;No princ\u00edpio era o Verbo\u2026&#8221;<\/p>\n<p style=\"text-align: left;\">Deus \u00e9 um grande poeta. Grande n\u00e3o, imenso. T\u00e3o imenso que a poesia que lhe palpita escorre, chovendo em beleza. A n\u00f3s, querido leitor, s\u00f3 nos resta jogar longe os sapatos, soltar os cabelos, abrir os bra\u00e7os e dan\u00e7ar, no ritmo da m\u00e9trica do encanto.<\/p>\n<p style=\"text-align: left;\">O olhar carece de demora, se essas rimas deseja, a alma, interpretar. Sim: tudo \u00e9 poesia! O solfejo do bem-te-vi, o despir do ip\u00ea, o cochicho da brisa. O perfume do caf\u00e9 quentinho, o afago da canja quando a gripe, o bolo de fub\u00e1 da av\u00f3. O suor do parto, o riso cristalino da crian\u00e7a, o desengon\u00e7ado flerte dos adolescentes, os caminhos que trilharam as rugas dos que puderam envelhecer. A can\u00e7\u00e3o, a luz, o salmo, a Aldeia. Sim: tudo \u00e9 poesia!<\/p>\n<p style=\"text-align: left;\">E \u00e9 seguindo esse norte que n\u00f3s, secretariado diocesano de Itapetininga, criamos esse espa\u00e7o: tire as m\u00e1scaras, \u00e9 ch\u00e3o bendito! Aqui, Deus acontece! Torna-se amigo na partilha dos dons. Teremos os que formam e os que informam. Os que colorem com as m\u00e3os ou com as lentes. Os que rabiscam redondilhas e os que d\u00e3o a melodia.<\/p>\n<p style=\"text-align: left;\">Voc\u00ea \u00e9, a todo instante, o convidado de honra! Se os dias estiverem mornos, vem que o Amor esquenta. Se houver tristeza, tem uma boa piada guardada. Se sentir medo, h\u00e1 um<br \/>\nesconderijo quase que uterino\u2026 s\u00f3 vem, que a &#8220;mesa \u00e9 sempre posta: farta e f\u00e9rtil&#8221;<\/p>\n<p style=\"text-align: left;\">E volte sempre!<\/p>\n<p style=\"text-align: left;\">A reda\u00e7\u00e3o.<\/p>\n<p><img loading=\"lazy\" decoding=\"async\" class=\"alignnone wp-image-558\" src=\"https:\/\/emaus.org.br\/itapetininga_wp\/wp-content\/uploads\/2020\/01\/wesual-click-rsWZ-P9FbQ4-unsplash.jpg\" alt=\"\" width=\"800\" height=\"532\" srcset=\"https:\/\/emaus.org.br\/itapetininga\/wp-content\/uploads\/2020\/01\/wesual-click-rsWZ-P9FbQ4-unsplash.jpg 1164w, https:\/\/emaus.org.br\/itapetininga\/wp-content\/uploads\/2020\/01\/wesual-click-rsWZ-P9FbQ4-unsplash-768x511.jpg 768w, https:\/\/emaus.org.br\/itapetininga\/wp-content\/uploads\/2020\/01\/wesual-click-rsWZ-P9FbQ4-unsplash-1140x758.jpg 1140w, https:\/\/emaus.org.br\/itapetininga\/wp-content\/uploads\/2020\/01\/wesual-click-rsWZ-P9FbQ4-unsplash-272x182.jpg 272w\" sizes=\"auto, (max-width: 800px) 100vw, 800px\" \/><\/p>\n","protected":false},"excerpt":{"rendered":"<p>&#8220;No princ\u00edpio era o Verbo\u2026&#8221; Deus \u00e9 um grande poeta. Grande n\u00e3o, imenso. T\u00e3o imenso que a poesia que lhe palpita escorre, chovendo em beleza. A n\u00f3s, querido leitor, s\u00f3 nos resta jogar longe os sapatos, soltar os cabelos, abrir os bra\u00e7os e dan\u00e7ar, no ritmo da m\u00e9trica do encanto. O olhar carece de demora, se essas rimas deseja, a alma, interpretar. Sim: tudo \u00e9 poesia! O solfejo do bem-te-vi, o despir do ip\u00ea, o cochicho da brisa. O perfume do caf\u00e9 quentinho, o afago da canja quando a gripe, o bolo de fub\u00e1 da av\u00f3. O suor do parto, o riso cristalino da crian\u00e7a, o desengon\u00e7ado flerte dos adolescentes, os caminhos que trilharam as rugas dos que puderam envelhecer. A can\u00e7\u00e3o, a luz, o salmo, a Aldeia. Sim: tudo \u00e9 poesia! E \u00e9 seguindo esse norte que n\u00f3s, secretariado diocesano de Itapetininga, criamos esse espa\u00e7o: tire as m\u00e1scaras, \u00e9 ch\u00e3o bendito! Aqui, Deus acontece! Torna-se amigo na partilha dos dons. Teremos os que formam e os que informam. Os que colorem com as m\u00e3os ou com as lentes. Os que rabiscam redondilhas e os que d\u00e3o a melodia. Voc\u00ea \u00e9, a todo instante, o convidado de honra! Se os dias estiverem mornos, vem que o Amor esquenta. Se houver tristeza, tem uma boa piada guardada. Se sentir medo, h\u00e1 um esconderijo quase que uterino\u2026 s\u00f3 vem, que a &#8220;mesa \u00e9 sempre posta: farta e f\u00e9rtil&#8221; E volte sempre! A reda\u00e7\u00e3o.<\/p>\n","protected":false},"author":5,"featured_media":0,"comment_status":"closed","ping_status":"closed","sticky":false,"template":"","format":"standard","meta":{"_exactmetrics_skip_tracking":false,"_exactmetrics_sitenote_active":false,"_exactmetrics_sitenote_note":"","_exactmetrics_sitenote_category":0,"footnotes":""},"categories":[23],"tags":[24],"class_list":["post-555","post","type-post","status-publish","format-standard","hentry","category-artigo","tag-editorial"],"_links":{"self":[{"href":"https:\/\/emaus.org.br\/itapetininga\/wp-json\/wp\/v2\/posts\/555","targetHints":{"allow":["GET"]}}],"collection":[{"href":"https:\/\/emaus.org.br\/itapetininga\/wp-json\/wp\/v2\/posts"}],"about":[{"href":"https:\/\/emaus.org.br\/itapetininga\/wp-json\/wp\/v2\/types\/post"}],"author":[{"embeddable":true,"href":"https:\/\/emaus.org.br\/itapetininga\/wp-json\/wp\/v2\/users\/5"}],"replies":[{"embeddable":true,"href":"https:\/\/emaus.org.br\/itapetininga\/wp-json\/wp\/v2\/comments?post=555"}],"version-history":[{"count":3,"href":"https:\/\/emaus.org.br\/itapetininga\/wp-json\/wp\/v2\/posts\/555\/revisions"}],"predecessor-version":[{"id":559,"href":"https:\/\/emaus.org.br\/itapetininga\/wp-json\/wp\/v2\/posts\/555\/revisions\/559"}],"wp:attachment":[{"href":"https:\/\/emaus.org.br\/itapetininga\/wp-json\/wp\/v2\/media?parent=555"}],"wp:term":[{"taxonomy":"category","embeddable":true,"href":"https:\/\/emaus.org.br\/itapetininga\/wp-json\/wp\/v2\/categories?post=555"},{"taxonomy":"post_tag","embeddable":true,"href":"https:\/\/emaus.org.br\/itapetininga\/wp-json\/wp\/v2\/tags?post=555"}],"curies":[{"name":"wp","href":"https:\/\/api.w.org\/{rel}","templated":true}]}}