{"id":680,"date":"2020-01-31T16:53:55","date_gmt":"2020-01-31T19:53:55","guid":{"rendered":"http:\/\/emaus.org.br\/itapetininga\/?p=680"},"modified":"2020-02-01T03:59:05","modified_gmt":"2020-02-01T06:59:05","slug":"secretariado-de-itapetininga-apresenta-equipe-do-trienio-2020-22","status":"publish","type":"post","link":"https:\/\/emaus.org.br\/itapetininga\/2020\/01\/31\/secretariado-de-itapetininga-apresenta-equipe-do-trienio-2020-22\/","title":{"rendered":"Secretariado de Itapetininga apresenta equipe do tri\u00eanio 2020-22"},"content":{"rendered":"<p>No \u00faltimo domingo (26), aconteceu na missa de chegada do 22\u00b0 Ema\u00fas Masculino de Itapetininga a transi\u00e7\u00e3o das equipes do Colegiado e Secretariado Diocesano local.<\/p>\n<p>A antiga equipe, formada pelo casal presidente Oswaldo e Claudia Moraes (Itapetininga), casal vice-presidente Rubens Bom e Pedrina Proen\u00e7a (Pilar do Sul), casal escola Jayme Campos Jr. e Luciana Nunes (Tatu\u00ed), secretaria Carla Madureira (Tatu\u00ed), coordenadora de m\u00fasica \u00c2ngela Celeste (Tatu\u00ed) e o diretor espiritual Padre Ricardo de Oliveira (Tatu\u00ed), encerraram as atividades do tri\u00eanio 2017-2019.<\/p>\n<p>Foram apresentados todos os membros do novo Colegiado Diocesano, formado por:<br \/>\nCasal presidente: Henrique e Lucimara Albino (Itapetininga);<br \/>\nCasal vice-presidente: Francisco &#8220;Tato&#8221; e Regina Sewaybricker (Pilar do Sul);<br \/>\nCasal Escola Mission\u00e1ria: Adilson e Andr\u00e9ia Crescencio (Tatu\u00ed);<br \/>\nSecretario: Bruno Caricatti (S\u00e3o Miguel Arcanjo);<br \/>\nProvedoria e Eventos: J\u00e9ssica Carvalho (Pilar do Sul) e D\u00e9bora Ten\u00f3rio (Guare\u00ed);<br \/>\nJovem Vogal: Bruna M\u00e1ximo (Guare\u00ed);<br \/>\nCoordenadores de Canto e Liturgia: Bruna Ara\u00fajo (Paranapanema) e Paulo Rochel (Itapetininga).<br \/>\nE o Diretor Espiritual: Padre Ivan Soares (S\u00e3o Miguel Arcanjo).<\/p>\n<p>Nessa transi\u00e7\u00e3o, permanecem em suas respectivas fun\u00e7\u00f5es o casal tesoureiro Fernando Mota e Jaqueline Miranda (Tatu\u00ed) e o jovem vogal Osmedil Furtado (Pilar do Sul), tamb\u00e9m respons\u00e1vel pela comunica\u00e7\u00e3o do secretariado.<\/p>\n<p>O novo secretariado diocesano trabalhar\u00e1 durante o tri\u00eanio de 2020-2022. Lembrando que o secretariado \u00e9 o organismo respons\u00e1vel por realizar os cursos de Ema\u00fas e promover a execu\u00e7\u00e3o e manuten\u00e7\u00e3o das escolas mission\u00e1rias locais, sempre em comunh\u00e3o com o Secretariado Nacional.<br \/>\n<!--\/data\/user\/0\/com.samsung.android.app.notes\/files\/clipdata\/clipdata_200131_164550_384.sdoc--><\/p>\n<p><img loading=\"lazy\" decoding=\"async\" class=\"size-full wp-image-447 aligncenter\" src=\"https:\/\/emaus.org.br\/itapetininga\/wp-content\/uploads\/2019\/11\/Favicon.jpg\" alt=\"\" width=\"512\" height=\"512\" srcset=\"https:\/\/emaus.org.br\/itapetininga\/wp-content\/uploads\/2019\/11\/Favicon.jpg 512w, https:\/\/emaus.org.br\/itapetininga\/wp-content\/uploads\/2019\/11\/Favicon-300x300.jpg 300w, https:\/\/emaus.org.br\/itapetininga\/wp-content\/uploads\/2019\/11\/Favicon-75x75.jpg 75w\" sizes=\"auto, (max-width: 512px) 100vw, 512px\" \/><\/p>\n","protected":false},"excerpt":{"rendered":"<p>No \u00faltimo domingo (26), aconteceu na missa de chegada do 22\u00b0 Ema\u00fas Masculino de Itapetininga a transi\u00e7\u00e3o das equipes do Colegiado e Secretariado Diocesano local. A antiga equipe, formada pelo casal presidente Oswaldo e Claudia Moraes (Itapetininga), casal vice-presidente Rubens Bom e Pedrina Proen\u00e7a (Pilar do Sul), casal escola Jayme Campos Jr. e Luciana Nunes (Tatu\u00ed), secretaria Carla Madureira (Tatu\u00ed), coordenadora de m\u00fasica \u00c2ngela Celeste (Tatu\u00ed) e o diretor espiritual Padre Ricardo de Oliveira (Tatu\u00ed), encerraram as atividades do tri\u00eanio 2017-2019. Foram apresentados todos os membros do novo Colegiado Diocesano, formado por: Casal presidente: Henrique e Lucimara Albino (Itapetininga); Casal vice-presidente: Francisco &#8220;Tato&#8221; e Regina Sewaybricker (Pilar do Sul); Casal Escola Mission\u00e1ria: Adilson e Andr\u00e9ia Crescencio (Tatu\u00ed); Secretario: Bruno Caricatti (S\u00e3o Miguel Arcanjo); Provedoria e Eventos: J\u00e9ssica Carvalho (Pilar do Sul) e D\u00e9bora Ten\u00f3rio (Guare\u00ed); Jovem Vogal: Bruna M\u00e1ximo (Guare\u00ed); Coordenadores de Canto e Liturgia: Bruna Ara\u00fajo (Paranapanema) e Paulo Rochel (Itapetininga). E o Diretor Espiritual: Padre Ivan Soares (S\u00e3o Miguel Arcanjo). Nessa transi\u00e7\u00e3o, permanecem em suas respectivas fun\u00e7\u00f5es o casal tesoureiro Fernando Mota e Jaqueline Miranda (Tatu\u00ed) e o jovem vogal Osmedil Furtado (Pilar do Sul), tamb\u00e9m respons\u00e1vel pela comunica\u00e7\u00e3o do secretariado. O novo secretariado diocesano trabalhar\u00e1 durante o tri\u00eanio de 2020-2022. Lembrando que o secretariado \u00e9 o organismo respons\u00e1vel por realizar os cursos de Ema\u00fas e promover a execu\u00e7\u00e3o e manuten\u00e7\u00e3o das escolas mission\u00e1rias locais, sempre em comunh\u00e3o com o Secretariado Nacional.<\/p>\n","protected":false},"author":5,"featured_media":713,"comment_status":"closed","ping_status":"closed","sticky":false,"template":"","format":"standard","meta":{"_exactmetrics_skip_tracking":false,"_exactmetrics_sitenote_active":false,"_exactmetrics_sitenote_note":"","_exactmetrics_sitenote_category":0,"footnotes":""},"categories":[1],"tags":[21,22],"class_list":["post-680","post","type-post","status-publish","format-standard","has-post-thumbnail","hentry","category-noticias","tag-noticias","tag-secretariado-itapetininga"],"_links":{"self":[{"href":"https:\/\/emaus.org.br\/itapetininga\/wp-json\/wp\/v2\/posts\/680","targetHints":{"allow":["GET"]}}],"collection":[{"href":"https:\/\/emaus.org.br\/itapetininga\/wp-json\/wp\/v2\/posts"}],"about":[{"href":"https:\/\/emaus.org.br\/itapetininga\/wp-json\/wp\/v2\/types\/post"}],"author":[{"embeddable":true,"href":"https:\/\/emaus.org.br\/itapetininga\/wp-json\/wp\/v2\/users\/5"}],"replies":[{"embeddable":true,"href":"https:\/\/emaus.org.br\/itapetininga\/wp-json\/wp\/v2\/comments?post=680"}],"version-history":[{"count":6,"href":"https:\/\/emaus.org.br\/itapetininga\/wp-json\/wp\/v2\/posts\/680\/revisions"}],"predecessor-version":[{"id":715,"href":"https:\/\/emaus.org.br\/itapetininga\/wp-json\/wp\/v2\/posts\/680\/revisions\/715"}],"wp:featuredmedia":[{"embeddable":true,"href":"https:\/\/emaus.org.br\/itapetininga\/wp-json\/wp\/v2\/media\/713"}],"wp:attachment":[{"href":"https:\/\/emaus.org.br\/itapetininga\/wp-json\/wp\/v2\/media?parent=680"}],"wp:term":[{"taxonomy":"category","embeddable":true,"href":"https:\/\/emaus.org.br\/itapetininga\/wp-json\/wp\/v2\/categories?post=680"},{"taxonomy":"post_tag","embeddable":true,"href":"https:\/\/emaus.org.br\/itapetininga\/wp-json\/wp\/v2\/tags?post=680"}],"curies":[{"name":"wp","href":"https:\/\/api.w.org\/{rel}","templated":true}]}}