{"id":23,"date":"2017-07-28T23:25:43","date_gmt":"2017-07-29T02:25:43","guid":{"rendered":"http:\/\/emaus.org.br\/jundiai_new\/?p=23"},"modified":"2017-08-28T10:48:19","modified_gmt":"2017-08-28T13:48:19","slug":"11a-tradicional-feijoada","status":"publish","type":"post","link":"https:\/\/emaus.org.br\/jundiai\/2017\/07\/28\/11a-tradicional-feijoada\/","title":{"rendered":"11\u00aa Tradicional Feijoada!"},"content":{"rendered":"<blockquote><p><span id=\"fbPhotoSnowliftCaption\" class=\"fbPhotosPhotoCaption\" data-ft=\"{&quot;tn&quot;:&quot;K&quot;}\"><img loading=\"lazy\" decoding=\"async\" class=\"size-full wp-image-246 alignleft\" src=\"https:\/\/emaus.org.br\/jundiai_new\/wp-content\/uploads\/feijoadaemaus.jpg\" alt=\"\" width=\"600\" height=\"424\" srcset=\"https:\/\/emaus.org.br\/jundiai\/wp-content\/uploads\/feijoadaemaus.jpg 600w, https:\/\/emaus.org.br\/jundiai\/wp-content\/uploads\/feijoadaemaus-425x300.jpg 425w\" sizes=\"auto, (max-width: 600px) 100vw, 600px\" \/><\/span><span id=\"fbPhotoSnowliftCaption\" class=\"fbPhotosPhotoCaption\" data-ft=\"{&quot;tn&quot;:&quot;K&quot;}\"><\/span><\/p>\n<p>&nbsp;<\/p>\n<p>&nbsp;<\/p>\n<p>&nbsp;<\/p>\n<p>&nbsp;<\/p>\n<p>&nbsp;<\/p>\n<p>&nbsp;<\/p>\n<p>&nbsp;<\/p>\n<p>&nbsp;<\/p>\n<p>&nbsp;<\/p>\n<p>&nbsp;<\/p>\n<p><span id=\"fbPhotoSnowliftCaption\" class=\"fbPhotosPhotoCaption\" data-ft=\"{&quot;tn&quot;:&quot;K&quot;}\"><span class=\"hasCaption\">Vem a\u00ed a tradicional feijoada do Movimento de Ema\u00fas. Garanta j\u00e1 o seu convite\u00a0 com a equipe de eventos e ajude na <\/span><\/span><span id=\"fbPhotoSnowliftCaption\" class=\"fbPhotosPhotoCaption\" data-ft=\"{&quot;tn&quot;:&quot;K&quot;}\"><span class=\"hasCaption\">evangeliza\u00e7\u00e3o dos jovens de nossa Diocese de Jundia\u00ed.<\/span><\/span><\/p><\/blockquote>\n","protected":false},"excerpt":{"rendered":"<p>&nbsp; &nbsp; &nbsp; &nbsp; &nbsp; &nbsp; &nbsp; &nbsp; &nbsp; &nbsp; Vem a\u00ed a tradicional feijoada do Movimento de Ema\u00fas. Garanta j\u00e1 o seu convite\u00a0 com a equipe de eventos e ajude na evangeliza\u00e7\u00e3o dos jovens de nossa Diocese de Jundia\u00ed.<\/p>\n","protected":false},"author":1,"featured_media":246,"comment_status":"closed","ping_status":"closed","sticky":false,"template":"","format":"standard","meta":{"footnotes":""},"categories":[1],"tags":[18,16,12,19,17,15],"class_list":["post-23","post","type-post","status-publish","format-standard","has-post-thumbnail","hentry","category-noticias","tag-colegiado","tag-emaus","tag-emaus-jundiai","tag-musicas-emaus","tag-secretariado","tag-secretariado-jundiai"],"_links":{"self":[{"href":"https:\/\/emaus.org.br\/jundiai\/wp-json\/wp\/v2\/posts\/23","targetHints":{"allow":["GET"]}}],"collection":[{"href":"https:\/\/emaus.org.br\/jundiai\/wp-json\/wp\/v2\/posts"}],"about":[{"href":"https:\/\/emaus.org.br\/jundiai\/wp-json\/wp\/v2\/types\/post"}],"author":[{"embeddable":true,"href":"https:\/\/emaus.org.br\/jundiai\/wp-json\/wp\/v2\/users\/1"}],"replies":[{"embeddable":true,"href":"https:\/\/emaus.org.br\/jundiai\/wp-json\/wp\/v2\/comments?post=23"}],"version-history":[{"count":3,"href":"https:\/\/emaus.org.br\/jundiai\/wp-json\/wp\/v2\/posts\/23\/revisions"}],"predecessor-version":[{"id":248,"href":"https:\/\/emaus.org.br\/jundiai\/wp-json\/wp\/v2\/posts\/23\/revisions\/248"}],"wp:featuredmedia":[{"embeddable":true,"href":"https:\/\/emaus.org.br\/jundiai\/wp-json\/wp\/v2\/media\/246"}],"wp:attachment":[{"href":"https:\/\/emaus.org.br\/jundiai\/wp-json\/wp\/v2\/media?parent=23"}],"wp:term":[{"taxonomy":"category","embeddable":true,"href":"https:\/\/emaus.org.br\/jundiai\/wp-json\/wp\/v2\/categories?post=23"},{"taxonomy":"post_tag","embeddable":true,"href":"https:\/\/emaus.org.br\/jundiai\/wp-json\/wp\/v2\/tags?post=23"}],"curies":[{"name":"wp","href":"https:\/\/api.w.org\/{rel}","templated":true}]}}