{"id":731,"date":"2020-03-25T11:09:31","date_gmt":"2020-03-25T14:09:31","guid":{"rendered":"http:\/\/emaus.org.br\/nacional\/?p=731"},"modified":"2020-03-25T11:09:31","modified_gmt":"2020-03-25T14:09:31","slug":"curso-de-dirigentes-promove-formacao-para-regional-sudeste-ii","status":"publish","type":"post","link":"https:\/\/emaus.org.br\/nacional\/2020\/03\/25\/curso-de-dirigentes-promove-formacao-para-regional-sudeste-ii\/","title":{"rendered":"CURSO DE DIRIGENTES PROMOVE FORMA\u00c7\u00c3O PARA REGIONAL SUDESTE II"},"content":{"rendered":"<p><img loading=\"lazy\" decoding=\"async\" src=\"https:\/\/emaus.org.br\/nacional\/wp-content\/uploads\/2020\/03\/WhatsApp-Image-2020-03-15-at-10.43.00.jpeg\" alt=\"\" width=\"1280\" height=\"852\" class=\"alignnone size-full wp-image-732\" srcset=\"https:\/\/emaus.org.br\/nacional\/wp-content\/uploads\/2020\/03\/WhatsApp-Image-2020-03-15-at-10.43.00.jpeg 1280w, https:\/\/emaus.org.br\/nacional\/wp-content\/uploads\/2020\/03\/WhatsApp-Image-2020-03-15-at-10.43.00-768x511.jpeg 768w, https:\/\/emaus.org.br\/nacional\/wp-content\/uploads\/2020\/03\/WhatsApp-Image-2020-03-15-at-10.43.00-449x300.jpeg 449w, https:\/\/emaus.org.br\/nacional\/wp-content\/uploads\/2020\/03\/WhatsApp-Image-2020-03-15-at-10.43.00-272x182.jpeg 272w\" sizes=\"auto, (max-width: 1280px) 100vw, 1280px\" \/><\/p>\n<p>Nos dias 13 a 15 de mar\u00e7o, o Secretariado Nacional de Ema\u00fas realizou, junto ao Secretariado Regional Sudeste II, o curso de Forma\u00e7\u00e3o de Dirigentes de Ema\u00fas. Com o objetivo de formar as lideran\u00e7as dos secretariados que comp\u00f5em o regional, a forma\u00e7\u00e3o contou com  a presen\u00e7a de jovens, adultos e orientadores espirituais dos (sub)secretariados (arqui)diocesanos de Juiz de Fora, S\u00e3o Jo\u00e3o del-Rei, Lavras, Mariana e Valen\u00e7a.<\/p>\n<p>Os condutores dessa forma\u00e7\u00e3o foram o diretor espiritual do Nacional, Pe. Ign\u00e1cio Pilz, al\u00e9m dos casais presidentes e vice-presidentes, Val\u00e9ria e Marcelo Eira, Lisete e Andr\u00e9 Dameda, respectivamente.<\/p>\n<p>O curso proporcionou aos participantes conhecer de forma mais profunda a realidade dos diversos (sub)secretariados que estavam representados, al\u00e9m de um aprofundamento maior na metodologia e espiritualidade do Curso de Ema\u00fas. Dos diversos momentos que aconteceram, os momentos de ora\u00e7\u00e3o, marca dos encontros de Ema\u00fas, foram repletos de unidade e sintonia com um esp\u00edrito de recolhimento e intimidade com Deus. Os momentos de partilha e trabalhos em grupo proporcionaram uma maior compreens\u00e3o da metodologia dos movimento e dos Cursos de Valores Humanos e Crist\u00e3os.<\/p>\n<p>Para o casal presidente, o momento possibilitou avan\u00e7ar em pontos importantes e a conhecer as realidades das comunidades presentes. \u201cAtrav\u00e9s das palestras, pudemos ter esclarecimentos sobre pontos em que houvessem d\u00favidas e conhecimento daquilo que era desconhecido. Nossa inspira\u00e7\u00e3o veio do Esp\u00edrito Santo, que nos mostrou o caminho para o discernimento e aperfei\u00e7oamento\u201d, pontuaram.<\/p>\n<p>*Texto elaborado com contribui\u00e7\u00f5es de Santuza Lima<\/p>\n","protected":false},"excerpt":{"rendered":"<p>Nos dias 13 a 15 de mar\u00e7o, o Secretariado Nacional de Ema\u00fas realizou, junto ao Secretariado Regional Sudeste II, o curso de Forma\u00e7\u00e3o de Dirigentes de Ema\u00fas. Com o objetivo de formar &hellip;<\/p>\n","protected":false},"author":2,"featured_media":0,"comment_status":"closed","ping_status":"closed","sticky":false,"template":"","format":"standard","meta":{"footnotes":""},"categories":[1],"tags":[],"class_list":["post-731","post","type-post","status-publish","format-standard","hentry","category-noticias"],"_links":{"self":[{"href":"https:\/\/emaus.org.br\/nacional\/wp-json\/wp\/v2\/posts\/731","targetHints":{"allow":["GET"]}}],"collection":[{"href":"https:\/\/emaus.org.br\/nacional\/wp-json\/wp\/v2\/posts"}],"about":[{"href":"https:\/\/emaus.org.br\/nacional\/wp-json\/wp\/v2\/types\/post"}],"author":[{"embeddable":true,"href":"https:\/\/emaus.org.br\/nacional\/wp-json\/wp\/v2\/users\/2"}],"replies":[{"embeddable":true,"href":"https:\/\/emaus.org.br\/nacional\/wp-json\/wp\/v2\/comments?post=731"}],"version-history":[{"count":2,"href":"https:\/\/emaus.org.br\/nacional\/wp-json\/wp\/v2\/posts\/731\/revisions"}],"predecessor-version":[{"id":734,"href":"https:\/\/emaus.org.br\/nacional\/wp-json\/wp\/v2\/posts\/731\/revisions\/734"}],"wp:attachment":[{"href":"https:\/\/emaus.org.br\/nacional\/wp-json\/wp\/v2\/media?parent=731"}],"wp:term":[{"taxonomy":"category","embeddable":true,"href":"https:\/\/emaus.org.br\/nacional\/wp-json\/wp\/v2\/categories?post=731"},{"taxonomy":"post_tag","embeddable":true,"href":"https:\/\/emaus.org.br\/nacional\/wp-json\/wp\/v2\/tags?post=731"}],"curies":[{"name":"wp","href":"https:\/\/api.w.org\/{rel}","templated":true}]}}