{"id":736,"date":"2020-04-04T10:05:51","date_gmt":"2020-04-04T13:05:51","guid":{"rendered":"http:\/\/emaus.org.br\/nacional\/?p=736"},"modified":"2020-04-04T13:57:14","modified_gmt":"2020-04-04T16:57:14","slug":"marcelo-camara-um-jovem-do-emaus-a-caminho-dos-altares","status":"publish","type":"post","link":"https:\/\/emaus.org.br\/nacional\/2020\/04\/04\/marcelo-camara-um-jovem-do-emaus-a-caminho-dos-altares\/","title":{"rendered":"MARCELO C\u00c2MARA: UM JOVEM DO EMA\u00daS A CAMINHO DOS ALTARES"},"content":{"rendered":"<p><img loading=\"lazy\" decoding=\"async\" class=\"alignnone size-full wp-image-745\" src=\"https:\/\/emaus.org.br\/nacional\/wp-content\/uploads\/2020\/04\/marcelo-c\u00e2mara.jpg\" alt=\"\" width=\"1431\" height=\"1092\" srcset=\"https:\/\/emaus.org.br\/nacional\/wp-content\/uploads\/2020\/04\/marcelo-c\u00e2mara.jpg 1431w, https:\/\/emaus.org.br\/nacional\/wp-content\/uploads\/2020\/04\/marcelo-c\u00e2mara-768x586.jpg 768w, https:\/\/emaus.org.br\/nacional\/wp-content\/uploads\/2020\/04\/marcelo-c\u00e2mara-393x300.jpg 393w\" sizes=\"auto, (max-width: 1431px) 100vw, 1431px\" \/><br \/>\nMarcelo C\u00e2mara foi um jovem que participou do 50\u00ba Curso de Ema\u00fas \u2013 o Ema\u00fas \u00e9 um Movimento nacional que trabalha com a evangeliza\u00e7\u00e3o da juventude \u2013 na Arquidiocese de Florian\u00f3polis, de 28 a 31 de agosto de 1997. Na \u00e9poca, ele tinha apenas 18 anos. Logo ap\u00f3s o Curso, Marcelo se converteu a Cristo e come\u00e7ou a trilhar, cotidianamente, o caminho da f\u00e9. Um certo dia, ao se referir \u00e0 sua participa\u00e7\u00e3o no Curso de Ema\u00fas, Marcelo afirmou: \u201cPosso afirmar que sentei na sala de palestras como um jovem avesso \u00e0s Missas, e levantei-me um adulto pela felic\u00edssima maturidade que as palavras ouvidas, t\u00e3o evidentemente verdadeiras, trouxeram ao meu ser, \u00e0 minha pessoa\u201d. (No caminho da santidade, p\u00e1gina 34).<\/p>\n<p>Entre quedas e avan\u00e7os, sombras e luzes, no itiner\u00e1rio da santidade, Marcelinho, como ele era chamado pelos amigos de Floripa, passou a se comprometer, cada vez mais, com o advento do Reino de Deus, realizando um fecundo apostolado com os jovens. No dia a dia, Marcelo era um jovem entusiasmado por Deus, pela Virgem Maria, por S\u00e3o Jos\u00e9 e pela Igreja.<\/p>\n<p>Eu conheci o Marcelo, pessoalmente, no VI Semin\u00e1rio Nacional de Ema\u00fas que foi realizado em Jundia\u00ed, S\u00e3o Paulo, de 21 a 23 de julho de 2000. Creio que aqueles tr\u00eas dias foram os \u00fanicos em que estivemos pr\u00f3ximos, fisicamente, em nossas vidas. Antes daquele Semin\u00e1rio, os nossos encontros eram virtuais, pois particip\u00e1vamos do mesmo Movimento, mesmo que em diferentes Arquidioceses. Juntos, o Marcelo, eu, alguns jovens do Movimento de Ema\u00fas em S\u00e3o Paulo (Andr\u00e9 Dameda e o Morais) e outros jovens de Bras\u00edlia (Roberto Jardim e Guto) hav\u00edamos criado uma lista de discuss\u00e3o do Ema\u00fas no Yahoo. Por meio dessa lista de discuss\u00e3o, n\u00f3s busc\u00e1vamos responder \u00e0s d\u00favidas de f\u00e9 que eram apresentadas por outros jovens do Movimento de Ema\u00fas. Foram discuss\u00f5es muito ricas e fecundas; pena que o Yahoo apagou todo o conte\u00fado.<\/p>\n<p>\u00c9 claro que todos n\u00f3s, jovens tenros na f\u00e9, n\u00e3o t\u00ednhamos respostas para tudo, mas n\u00e3o nos faltavam boa vontade e esfor\u00e7o para ensinarmos a doutrina da Igreja, em sintonia com o Magist\u00e9rio, em todos os assuntos. Eu me recordo que os temas sobre a Eucaristia e a Inquisi\u00e7\u00e3o eram a especialidade do Marcelo; o Roberto gostava de responder sobre a f\u00e9 e eu respondia \u00e0s quest\u00f5es referentes \u00e0 Igreja, principalmente, a Hist\u00f3ria da Igreja. A cada nova pergunta ou discuss\u00e3o, mediante aquela lista, n\u00f3s perceb\u00edamos que algo era comum em todos n\u00f3s; o desejo intenso de comunicar o amor de Deus, e, por isso, o esfor\u00e7o di\u00e1rio em ser comunidade, e caminhar unidos no Rumo Certo era uma realidade constante. Procur\u00e1vamos n\u00e3o apenas conhecer mais e melhor os ensinamentos de Cristo, o Evangelho e os Documentos do Papa e da Igreja. Procur\u00e1vamos conhecer para apresentar \u201cas raz\u00f5es da nossa f\u00e9\u201d e assim, de algum modo, arrastar outros jovens para a senda da Igreja.<\/p>\n<p>Por meio daquela lista de discuss\u00e3o do Ema\u00fas, n\u00f3s procur\u00e1vamos atender ao pedido do Papa Jo\u00e3o Paulo II, que nos solicitava uma \u201cNova Evangeliza\u00e7\u00e3o, promo\u00e7\u00e3o humana e cultura crist\u00e3\u201d, enfatizando que \u201cJesus Cristo \u00e9 o mesmo ontem, hoje e sempre!\u201d. (Hb 13,8). A iniciativa de se criar uma lista de discuss\u00e3o surgiu por volta do ano de 1997, como resposta ao desafio que o Santo Padre nos fazia de preparamos o Novo Mil\u00eanio que se aproximava, evangelizando com novos m\u00e9todos e novas express\u00f5es. Em sintonia com Jo\u00e3o Paulo II, n\u00f3s abra\u00e7amos esse esfor\u00e7o evangelizador, com a convic\u00e7\u00e3o de que a verdade fundamental sobre Cristo e o homem deve penetrar profundamente em todos os cora\u00e7\u00f5es.<\/p>\n<p>Naqueles tr\u00eas dias em Jundia\u00ed, durante a realiza\u00e7\u00e3o do VI Semin\u00e1rio Nacional do Ema\u00fas, n\u00f3s percebemos que o amor por Jesus Eucar\u00edstico, pela Virgem Maria e pela Igreja eram fortes e determinantes em nossa caminhada crist\u00e3. Para n\u00f3s, o esfor\u00e7o de santidade n\u00e3o era opcional; era, sim, uma m\u00e1xima oportunidade de correspond\u00eancia ao amor de Jesus Cristo. Marcelo j\u00e1 era ali, naqueles dias, um jovem santo, um crist\u00e3o com o cora\u00e7\u00e3o repleto de paz e serenidade, porque sabia depositar a sua alegria no Senhor.<\/p>\n<p>Hoje, fazendo mem\u00f3ria do Marcelo C\u00e2mara, eu percebo que os santos n\u00e3o nasceram perfeitos. Eles tamb\u00e9m tiveram falhas, defeitos e pecados, mas venceram as dificuldades e as tenta\u00e7\u00f5es enraizados no amor de Cristo. Marcelo era uma simpatia de pessoa, acolhedor, de fala mansa e serena, mas forte e determinante em suas palavras. Como um irm\u00e3o de verdade, ele andava conosco, lutava conosco, transmitia incessantemente a proximidade do amor de Cristo. Ele n\u00e3o escondia os seus talentos e nos levava a refletir nos ensinamentos de Santa Catarina de Sena que nos ensina: \u201cSe voc\u00eas fizerem o que deve ser feito voc\u00eas acender\u00e3o o mundo! \u201d.<\/p>\n<p>No esfor\u00e7o cont\u00ednuo para acender o amor de Deus em meio ao mundo, Marcelinho tamb\u00e9m abra\u00e7ou a catequese de jovens e adultos e o servi\u00e7o de ministro extraordin\u00e1rio da Sagrada Comunh\u00e3o Eucar\u00edstica, na Par\u00f3quia Sagrado Cora\u00e7\u00e3o de Jesus, no bairro dos ingleses, no norte da Ilha de Florian\u00f3polis. Posteriormente, ele participou do Opus Dei e passou a perceber que o trabalho \u00e9 uma via de santidade. Esse jovem leigo foi estudante de Direito e, logo depois, professor e promotor de justi\u00e7a.<\/p>\n<p>Marcelinho gostava de participar das comemora\u00e7\u00f5es dos anivers\u00e1rios dos amigos e tinha grande apre\u00e7o pelas atividades do Movimento de Ema\u00fas, em especial, os cursos, a Escola Mission\u00e1ria, as reuni\u00f5es de grupo da comunidade e as Maranathas que s\u00e3o os encontros festivos do Movimento. O Monsenhor Francisco de Sales Bianchini, na \u00e9poca o sacerdote que acompanhava o Movimento em Floripa, era o seu orientador espiritual, amigo, confidente, padrinho de Crisma e, acima de tudo, um s\u00f3lido exemplo de dedica\u00e7\u00e3o ao Reino de Deus. Gra\u00e7as ao contato, \u00e0 amizade e ao incentivo do Monsenhor Bianchini, o Marcelinho sempre avan\u00e7ou para \u00e1guas mais profundas.<\/p>\n<p>Vislumbrando a Hist\u00f3ria da Salva\u00e7\u00e3o, n\u00f3s percebemos que Deus quer contar com a participa\u00e7\u00e3o dos santos na convers\u00e3o dos pecados. Deus sempre solicita aos santos a santifica\u00e7\u00e3o das dificuldades e das dores para resgatar os batizados que est\u00e3o afastados da Sua Igreja, pois Ele sabe que os santos est\u00e3o capacitados, ou se capacitam, para suportar sofrimentos e adversidades sem odiar ou resmungar, respondendo o mal com o bem, espalhando a alegria do Evangelho.<\/p>\n<p>Marcelo foi um desses escolhidos por Deus para santificar as dores e, por isso, em setembro de 2004, foi-lhe diagnosticado um tipo de c\u00e2ncer, uma leucemia. Marcelo abra\u00e7ou a sua cruz e realizou a quimioterapia e a radioterapia prescritas pelos m\u00e9dicos. Durante quatro anos, ele n\u00e3o desistiu de lutar pela vida, ele santificou suas dores e, mesmo em meio \u00e0 doen\u00e7a, estudou com determina\u00e7\u00e3o para se tornar um promotor de justi\u00e7a, cargo que exerceu por um ano com \u00e9tica, profissionalismo, compet\u00eancia e dedica\u00e7\u00e3o crist\u00e3.<\/p>\n<p>No dia 20 de mar\u00e7o de 2008, uma Quinta-Feira Santa, dia em que celebramos a institui\u00e7\u00e3o da Eucaristia e do Mandamento do Amor, Marcelo C\u00e2mara faleceu com apenas 28 anos de idade. Neste curto per\u00edodo de vida, Marcelinho foi um amado disc\u00edpulo de Cristo, um jovem evangelizador de Ema\u00fas, um ousado disc\u00edpulo mission\u00e1rio de Jesus que, com amor e fortaleza, passou pelo mundo fazendo o Bem. Creio que o falecimento do Marcelinho, em uma Quinta-Feira Santa, dia eucar\u00edstico por excel\u00eancia, \u00e9 a feliz comprova\u00e7\u00e3o de que ele sempre foi um amante da Eucaristia, uma pessoa que n\u00e3o sabia viver sem a comunh\u00e3o eucar\u00edstica, um jovem que havia percebido que no Altar do Senhor o C\u00e9u se une a terra.<\/p>\n<p>No Domingo, dia 8 de mar\u00e7o de 2020, a Arquidiocese de Florian\u00f3polis abriu oficialmente o processo de beatifica\u00e7\u00e3o do jovem Marcelo C\u00e2mara, o primeiro candidato do Movimento de Ema\u00fas que poder\u00e1 ser declarado santo e assim ser inserido no rol dos santos da nossa Igreja.<\/p>\n<p>Hoje, fazendo mem\u00f3ria do Marcelo C\u00e2mara, em especial, daqueles tr\u00eas dias do VI Semin\u00e1rio Nacional de Ema\u00fas, eu percebo que o Marcelo sempre foi um testemunho vivo de que os santos est\u00e3o escondidos em nosso meio, eles passam despercebidos porque s\u00e3o simples e humildes, mas marcam a nossa hist\u00f3ria e contribuem, com generosidade, para a beleza da Igreja que \u00e9 sempre santa.<\/p>\n<p>Marcelo C\u00e2mara, n\u00f3s estamos esperando ansiosos o dia da sua beatifica\u00e7\u00e3o e cremos que voc\u00ea j\u00e1 est\u00e1 ouvindo as nossas preces, conquistando, para n\u00f3s, favores e milagres da parte de Deus. Marcelo C\u00e2mara, pela comunh\u00e3o dos santos, n\u00f3s continuamos unidos na caridade e na certeza de que os santos s\u00e3o pessoas boas que Deus coloca em nossos caminhos para nos demonstrar que nascemos para o C\u00e9u, para a eternidade, para o para\u00edso, para a vida eterna que jamais ter\u00e1 fim.<\/p>\n<p>Fonte: Arquidiocese de Bras\u00edlia &#8211; Texto de Alo\u00edsio Parreiras<\/p>\n","protected":false},"excerpt":{"rendered":"<p>Marcelo C\u00e2mara foi um jovem que participou do 50\u00ba Curso de Ema\u00fas \u2013 o Ema\u00fas \u00e9 um Movimento nacional que trabalha com a evangeliza\u00e7\u00e3o da juventude \u2013 na Arquidiocese de Florian\u00f3polis, de &hellip;<\/p>\n","protected":false},"author":2,"featured_media":0,"comment_status":"closed","ping_status":"closed","sticky":false,"template":"","format":"standard","meta":{"footnotes":""},"categories":[1],"tags":[],"class_list":["post-736","post","type-post","status-publish","format-standard","hentry","category-noticias"],"_links":{"self":[{"href":"https:\/\/emaus.org.br\/nacional\/wp-json\/wp\/v2\/posts\/736","targetHints":{"allow":["GET"]}}],"collection":[{"href":"https:\/\/emaus.org.br\/nacional\/wp-json\/wp\/v2\/posts"}],"about":[{"href":"https:\/\/emaus.org.br\/nacional\/wp-json\/wp\/v2\/types\/post"}],"author":[{"embeddable":true,"href":"https:\/\/emaus.org.br\/nacional\/wp-json\/wp\/v2\/users\/2"}],"replies":[{"embeddable":true,"href":"https:\/\/emaus.org.br\/nacional\/wp-json\/wp\/v2\/comments?post=736"}],"version-history":[{"count":2,"href":"https:\/\/emaus.org.br\/nacional\/wp-json\/wp\/v2\/posts\/736\/revisions"}],"predecessor-version":[{"id":746,"href":"https:\/\/emaus.org.br\/nacional\/wp-json\/wp\/v2\/posts\/736\/revisions\/746"}],"wp:attachment":[{"href":"https:\/\/emaus.org.br\/nacional\/wp-json\/wp\/v2\/media?parent=736"}],"wp:term":[{"taxonomy":"category","embeddable":true,"href":"https:\/\/emaus.org.br\/nacional\/wp-json\/wp\/v2\/categories?post=736"},{"taxonomy":"post_tag","embeddable":true,"href":"https:\/\/emaus.org.br\/nacional\/wp-json\/wp\/v2\/tags?post=736"}],"curies":[{"name":"wp","href":"https:\/\/api.w.org\/{rel}","templated":true}]}}